{"id":937,"date":"2021-10-03T20:14:45","date_gmt":"2021-10-03T18:14:45","guid":{"rendered":"https:\/\/msc-schnaitheim.de\/wordpress\/?p=937"},"modified":"2024-04-12T09:43:40","modified_gmt":"2024-04-12T07:43:40","slug":"indian-summer-classic-03-oktober-brenzpark-heidenheim","status":"publish","type":"post","link":"https:\/\/msc-schnaitheim.de\/wordpress\/2021\/10\/03\/indian-summer-classic-03-oktober-brenzpark-heidenheim\/","title":{"rendered":"Indian Summer Classic 03. Oktober Brenzpark Heidenheim"},"content":{"rendered":"\n<p>Unter Federf\u00fchrung des komm. Jugendleiters Jochen Busse pr\u00e4sentierten sich die Fahrer und Fahrerinnen der Jugend in Heidenheim. Es wurde Motorr\u00e4der sowie Schutzausr\u00fcstung aller Jugendklassen pr\u00e4sentiert. Die Kids sowie Ihre Eltern und Jugendleiter Busse standen den Interessierten f\u00fcr Fragen und Antworten zur Verf\u00fcgung<\/p>\n\n\n\n<p>Derweil unterst\u00fctzten die Mitglieder des MSC Schnaitheim, sowohl die Aktiven wie auch die Eltern der Jugendlichen die Veranstaltung. An dem Getr\u00e4nkestand konnten die zahlreichen Besucher ihren Durst stillen und an den St\u00e4nden der TSG Schnaitheim bekamen die sehr zahlreichen Zuschauer Essen.<\/p>\n\n\n\n<p>Der MSC Schnaitheim vielen bekannt mit seinen legend\u00e4ren Moto-Cross Rennen hat auch viele andere Motorsportveranstaltung in seinem Bestehen veranstaltet. Von Geschicklichkeitsfahrten \u00fcber \u201eFuchsjagden\u201c ( Sogenannte Suchfahrten) bis hin zu Oldtimer Events und Ausstellungen.<\/p>\n\n\n\n<p>Entstanden ist die Idee der Oldtimer-Ausfahrt im Jahre 2006 zur Landesgartenschau in Heidenheim.<\/p>\n\n\n\n<p>Damals hatte Herr Hans-J\u00fcrgen Schiffner die Idee , im Rahmen der Landesgartenschau, eine Oldtimer Ausfahrt zu integrieren. Er suchte damals Jemanden der Ihn bei der Organisation unterst\u00fctzen konnte. Diese Hilfe fand er damals mit dem Ehrenmitglieder Ernst B\u00e4uerle des MSC Schnaitheims. Dieser war gerne bereit bei der Planung mit zu wirken.<\/p>\n\n\n\n<p>Er lies seine Kontakte in der Oldtimer-Szene spielen und plante die Strecke der Ausfahrt. Auch im MSC fand das Ehrenmitglied Ernst B\u00e4uerle viele Mitglieder die ihm und Herrn Schiffner halfen die Veranstaltung durchzuf\u00fchren. Allen voran dem damaligen Vorsitzenden Horst Mack.<\/p>\n\n\n\n<p>Unter der Schirmherrschaft der Stadt Heidenheim fanden dann noch einige Oldtimer Ausfahrten statt. Nach dem Ernst B\u00e4uerle verstarb, konnte Herrn Schiffner auf die tatkr\u00e4ftige Mithilfe des MSC\u00b4ler Bernd Jennig und dem jetzigen MSC Vorsitzenden Franz Balle z\u00e4hlen.<\/p>\n\n\n\n<p>Herr Schiffner hat mit dieser Veranstaltung ein Event geformt, dass die Stadt Heidenheim \u00fcber die Landesgrenzen hinweg bekannt gemacht hat. Wie auch am heutigen Tag zu sehen war gab es Oldtimer vom Lanz Bulldog \u00fcber PKWs und LKWS bis hin zu den Motorr\u00e4der und Motorroller viele Schmuckst\u00fccke zu sehen und zu h\u00f6ren.<\/p>\n","protected":false},"excerpt":{"rendered":"<p>Unter Federf\u00fchrung des komm. Jugendleiters Jochen Busse pr\u00e4sentierten sich die Fahrer und Fahrerinnen der Jugend in Heidenheim. Es wurde Motorr\u00e4der sowie Schutzausr\u00fcstung aller Jugendklassen pr\u00e4sentiert. Die Kids sowie Ihre Eltern und Jugendleiter Busse standen den Interessierten f\u00fcr Fragen und Antworten<\/p>\n","protected":false},"author":1,"featured_media":938,"comment_status":"closed","ping_status":"closed","sticky":false,"template":"","format":"standard","meta":{"advanced_seo_description":"","jetpack_seo_html_title":"","jetpack_seo_noindex":false,"ngg_post_thumbnail":0,"_jetpack_memberships_contains_paid_content":false,"footnotes":""},"categories":[33,14,7],"tags":[34],"class_list":["post-937","post","type-post","status-publish","format-standard","has-post-thumbnail","hentry","category-oldtimertag","category-termine","category-veranstaltung","tag-oldtimertag"],"jetpack_featured_media_url":"https:\/\/i0.wp.com\/msc-schnaitheim.de\/wordpress\/wp-content\/uploads\/2021\/10\/msc-Jugend.jpg?fit=2048%2C1152&ssl=1","jetpack-related-posts":[{"id":1140,"url":"https:\/\/msc-schnaitheim.de\/wordpress\/2022\/03\/31\/bericht-hauptversammlung-2022\/","url_meta":{"origin":937,"position":0},"title":"Bericht Hauptversammlung 2022","author":"webadministrator","date":"31. M\u00e4rz 2022","format":false,"excerpt":"Jahreshauptversammlung des Motorsportverein Schnaitheim am 18.M\u00e4rz 2022 Ort: Gastst\u00e4tte Waldhorn in Rotensohl","rel":"","context":"In &quot;Hauptversammlung&quot;","block_context":{"text":"Hauptversammlung","link":"https:\/\/msc-schnaitheim.de\/wordpress\/category\/vereinsintern\/hauptversammlung\/"},"img":{"alt_text":"","src":"","width":0,"height":0},"classes":[]},{"id":2325,"url":"https:\/\/msc-schnaitheim.de\/wordpress\/2024\/01\/16\/bericht-hauptversammlung-2024\/","url_meta":{"origin":937,"position":1},"title":"Bericht Hauptversammlung 2024","author":"Markus","date":"16. Januar 2024","format":false,"excerpt":"Jahreshauptversammlung des Motorsportverein Schnaitheim am 12. Januar 2024 Ort: Gastst\u00e4tte Waldhorn in Rotensohl","rel":"","context":"In &quot;Hauptversammlung&quot;","block_context":{"text":"Hauptversammlung","link":"https:\/\/msc-schnaitheim.de\/wordpress\/category\/vereinsintern\/hauptversammlung\/"},"img":{"alt_text":"","src":"","width":0,"height":0},"classes":[]},{"id":695,"url":"https:\/\/msc-schnaitheim.de\/wordpress\/2020\/08\/17\/msc-jugendtrainslager-2020\/","url_meta":{"origin":937,"position":2},"title":"MSC Jugendtrainslager 2020","author":"webadministrator","date":"17. August 2020","format":false,"excerpt":"Am 28. und 29. August findet bei uns ein Jugendtraingslager f\u00fcr alle jungen Vereinsmitglieder statt. Am Freitag und Samstag trainiert unser Jugendleiter Luca Elbert die Jugend in ihrer Fahrtechnik, Sicherheit und dem Spa\u00df am MX. Nat\u00fcrlich wird auch der gesellschaftliche Aspekt neben und auf der Strecke nicht zu kurz kommen.\u2026","rel":"","context":"In &quot;Jugend&quot;","block_context":{"text":"Jugend","link":"https:\/\/msc-schnaitheim.de\/wordpress\/category\/jugend\/"},"img":{"alt_text":"","src":"","width":0,"height":0},"classes":[]},{"id":2626,"url":"https:\/\/msc-schnaitheim.de\/wordpress\/2025\/03\/10\/dm-open-am-6-april-2025-in-schnaitheim\/","url_meta":{"origin":937,"position":3},"title":"DM Open am 6. April 2025 in Schnaitheim","author":"Markus","date":"10. M\u00e4rz 2025","format":false,"excerpt":"Int. 50. Schnaitheimer ADAC -Motocross Deutsche Motocross Meisterschaft DM Open am 6. M\u00e4rz 2025 in Schnaitheim DMX-Open - DMX Seitenwagen - DMX Quad","rel":"","context":"In &quot;DM&quot;","block_context":{"text":"DM","link":"https:\/\/msc-schnaitheim.de\/wordpress\/category\/veranstaltung\/dm\/"},"img":{"alt_text":"","src":"https:\/\/i0.wp.com\/msc-schnaitheim.de\/wordpress\/wp-content\/uploads\/2025\/03\/Featured-Image-600.jpg?fit=600%2C230&ssl=1&resize=350%2C200","width":350,"height":200,"srcset":"https:\/\/i0.wp.com\/msc-schnaitheim.de\/wordpress\/wp-content\/uploads\/2025\/03\/Featured-Image-600.jpg?fit=600%2C230&ssl=1&resize=350%2C200 1x, https:\/\/i0.wp.com\/msc-schnaitheim.de\/wordpress\/wp-content\/uploads\/2025\/03\/Featured-Image-600.jpg?fit=600%2C230&ssl=1&resize=525%2C300 1.5x"},"classes":[]},{"id":1950,"url":"https:\/\/msc-schnaitheim.de\/wordpress\/2022\/12\/17\/bericht-jaf-msc-schnaitheim\/","url_meta":{"origin":937,"position":4},"title":"Bericht JAF MSC Schnaitheim","author":"Markus","date":"17. Dezember 2022","format":false,"excerpt":"Nach zwei Jahren Zwangspause, aufgrund der Pandemie, konnten wir dieses Jahr wieder eine Jahresabschlussfeier veranstalten. Der Saal war besser gef\u00fcllt denn je. Ein kurzer Jahresr\u00fcckblick von unserem 1. Vorstand Franz Balle machte den offiziellen Beginn. Danach kamen die Ehrungen der Mitglieder. Da es sich gestaut hatte, durch den Entfall der\u2026","rel":"","context":"In &quot;Jahresabschlussfeier&quot;","block_context":{"text":"Jahresabschlussfeier","link":"https:\/\/msc-schnaitheim.de\/wordpress\/category\/vereinsintern\/jahresabschlussfeier\/"},"img":{"alt_text":"","src":"","width":0,"height":0},"classes":[]},{"id":2201,"url":"https:\/\/msc-schnaitheim.de\/wordpress\/2023\/07\/04\/rennbericht-aichwald\/","url_meta":{"origin":937,"position":5},"title":"Rennbericht Aichwald","author":"Markus","date":"4. Juli 2023","format":false,"excerpt":"Vergangenes Wochenende starteten sieben Fahrer und eine Fahrerin auf der top pr\u00e4parierten, aber dennoch sehr anspruchsvollen, Strecke des MSC \u201eEiserne Hand\u201c. Gefeiert von tausenden Zuschauern konnten sich unsere Jugendfahrer super behaupten. Jubelnde Jungen und M\u00e4dchen wollten nach der \u201aAbklatschzone\u2018 im Ziel Autogramme von unseren jungen Stars.","rel":"","context":"In &quot;Jugend&quot;","block_context":{"text":"Jugend","link":"https:\/\/msc-schnaitheim.de\/wordpress\/category\/jugend\/"},"img":{"alt_text":"","src":"","width":0,"height":0},"classes":[]}],"jetpack_sharing_enabled":true,"publishpress_future_action":{"enabled":false,"date":"2026-05-06 17:52:45","action":"change-status","newStatus":"draft","terms":[],"taxonomy":"category"},"publishpress_future_workflow_manual_trigger":{"enabledWorkflows":[]},"_links":{"self":[{"href":"https:\/\/msc-schnaitheim.de\/wordpress\/wp-json\/wp\/v2\/posts\/937","targetHints":{"allow":["GET"]}}],"collection":[{"href":"https:\/\/msc-schnaitheim.de\/wordpress\/wp-json\/wp\/v2\/posts"}],"about":[{"href":"https:\/\/msc-schnaitheim.de\/wordpress\/wp-json\/wp\/v2\/types\/post"}],"author":[{"embeddable":true,"href":"https:\/\/msc-schnaitheim.de\/wordpress\/wp-json\/wp\/v2\/users\/1"}],"replies":[{"embeddable":true,"href":"https:\/\/msc-schnaitheim.de\/wordpress\/wp-json\/wp\/v2\/comments?post=937"}],"version-history":[{"count":4,"href":"https:\/\/msc-schnaitheim.de\/wordpress\/wp-json\/wp\/v2\/posts\/937\/revisions"}],"predecessor-version":[{"id":2474,"href":"https:\/\/msc-schnaitheim.de\/wordpress\/wp-json\/wp\/v2\/posts\/937\/revisions\/2474"}],"wp:featuredmedia":[{"embeddable":true,"href":"https:\/\/msc-schnaitheim.de\/wordpress\/wp-json\/wp\/v2\/media\/938"}],"wp:attachment":[{"href":"https:\/\/msc-schnaitheim.de\/wordpress\/wp-json\/wp\/v2\/media?parent=937"}],"wp:term":[{"taxonomy":"category","embeddable":true,"href":"https:\/\/msc-schnaitheim.de\/wordpress\/wp-json\/wp\/v2\/categories?post=937"},{"taxonomy":"post_tag","embeddable":true,"href":"https:\/\/msc-schnaitheim.de\/wordpress\/wp-json\/wp\/v2\/tags?post=937"}],"curies":[{"name":"wp","href":"https:\/\/api.w.org\/{rel}","templated":true}]}}